{"id":465,"date":"2017-01-10T10:49:15","date_gmt":"2017-01-10T10:49:15","guid":{"rendered":"https:\/\/minf.gymgmunden.at\/?p=465"},"modified":"2017-01-10T10:49:15","modified_gmt":"2017-01-10T10:49:15","slug":"fotographieworkshop-2017-teil-1","status":"publish","type":"post","link":"https:\/\/minf.gymgmunden.at\/?p=465","title":{"rendered":"Fotographieworkshop 2017 Teil 1"},"content":{"rendered":"<p>Passend zur Nachweihnachtszeit &#8222;Alle Jahre wieder&#8230;&#8220; nimmt sich freundlicherweise der Gmundner Fotograph <a href=\"http:\/\/www.kochem.at\/\" target=\"_blank\">Karl-Heinz Kochem<\/a> Zeit f\u00fcr die Sch\u00fclerInnen des WPG MInf6, um ihnen in einem dreiteiligen Workshop die Grundlagen der Profifotographie n\u00e4her zu bringen.<\/p>\n<p>Heute in Teil 1 ging es um den theoretischen Background &#8211; was sind ISO, Blende und Verschlusszeit, und vor allem: Wie wirken sich diese drei Gr\u00f6\u00dfen auf ein perfekt belichtetes Foto aus?<\/p>\n<p>Zuerst Theorie, dann Experiment. Hier einige Eindr\u00fccke von den beiden Stunden!<\/p>\n<div id='gallery-1' class='gallery galleryid-465 gallery-columns-3 gallery-size-thumbnail'><figure class='gallery-item'>\n\t\t\t<div class='gallery-icon landscape'>\n\t\t\t\t<a href='https:\/\/minf.gymgmunden.at\/?attachment_id=467'><img loading=\"lazy\" decoding=\"async\" width=\"150\" height=\"150\" src=\"https:\/\/minf.gymgmunden.at\/wp-content\/uploads\/2017\/01\/xD72_00D72_0066-150x150.jpg\" class=\"attachment-thumbnail size-thumbnail\" alt=\"\" \/><\/a>\n\t\t\t<\/div><\/figure><figure class='gallery-item'>\n\t\t\t<div class='gallery-icon landscape'>\n\t\t\t\t<a href='https:\/\/minf.gymgmunden.at\/?attachment_id=468'><img loading=\"lazy\" decoding=\"async\" width=\"150\" height=\"150\" src=\"https:\/\/minf.gymgmunden.at\/wp-content\/uploads\/2017\/01\/xD72_0043-150x150.jpg\" class=\"attachment-thumbnail size-thumbnail\" alt=\"\" \/><\/a>\n\t\t\t<\/div><\/figure><figure class='gallery-item'>\n\t\t\t<div class='gallery-icon portrait'>\n\t\t\t\t<a href='https:\/\/minf.gymgmunden.at\/?attachment_id=469'><img loading=\"lazy\" decoding=\"async\" width=\"150\" height=\"150\" src=\"https:\/\/minf.gymgmunden.at\/wp-content\/uploads\/2017\/01\/xD72_0045-150x150.jpg\" class=\"attachment-thumbnail size-thumbnail\" alt=\"\" \/><\/a>\n\t\t\t<\/div><\/figure><figure class='gallery-item'>\n\t\t\t<div class='gallery-icon landscape'>\n\t\t\t\t<a href='https:\/\/minf.gymgmunden.at\/?attachment_id=470'><img loading=\"lazy\" decoding=\"async\" width=\"150\" height=\"150\" src=\"https:\/\/minf.gymgmunden.at\/wp-content\/uploads\/2017\/01\/xD72_0047-150x150.jpg\" class=\"attachment-thumbnail size-thumbnail\" alt=\"\" \/><\/a>\n\t\t\t<\/div><\/figure><figure class='gallery-item'>\n\t\t\t<div class='gallery-icon portrait'>\n\t\t\t\t<a href='https:\/\/minf.gymgmunden.at\/?attachment_id=471'><img loading=\"lazy\" decoding=\"async\" width=\"150\" height=\"150\" src=\"https:\/\/minf.gymgmunden.at\/wp-content\/uploads\/2017\/01\/xD72_0048-150x150.jpg\" class=\"attachment-thumbnail size-thumbnail\" alt=\"\" \/><\/a>\n\t\t\t<\/div><\/figure><figure class='gallery-item'>\n\t\t\t<div class='gallery-icon landscape'>\n\t\t\t\t<a href='https:\/\/minf.gymgmunden.at\/?attachment_id=472'><img loading=\"lazy\" decoding=\"async\" width=\"150\" height=\"150\" src=\"https:\/\/minf.gymgmunden.at\/wp-content\/uploads\/2017\/01\/xD72_0049-150x150.jpg\" class=\"attachment-thumbnail size-thumbnail\" alt=\"\" \/><\/a>\n\t\t\t<\/div><\/figure><figure class='gallery-item'>\n\t\t\t<div class='gallery-icon landscape'>\n\t\t\t\t<a href='https:\/\/minf.gymgmunden.at\/?attachment_id=473'><img loading=\"lazy\" decoding=\"async\" width=\"150\" height=\"150\" src=\"https:\/\/minf.gymgmunden.at\/wp-content\/uploads\/2017\/01\/xD72_0050-150x150.jpg\" class=\"attachment-thumbnail size-thumbnail\" alt=\"\" \/><\/a>\n\t\t\t<\/div><\/figure><figure class='gallery-item'>\n\t\t\t<div class='gallery-icon portrait'>\n\t\t\t\t<a href='https:\/\/minf.gymgmunden.at\/?attachment_id=474'><img loading=\"lazy\" decoding=\"async\" width=\"150\" height=\"150\" src=\"https:\/\/minf.gymgmunden.at\/wp-content\/uploads\/2017\/01\/xD72_0057-150x150.jpg\" class=\"attachment-thumbnail size-thumbnail\" alt=\"\" \/><\/a>\n\t\t\t<\/div><\/figure><figure class='gallery-item'>\n\t\t\t<div class='gallery-icon landscape'>\n\t\t\t\t<a href='https:\/\/minf.gymgmunden.at\/?attachment_id=475'><img loading=\"lazy\" decoding=\"async\" width=\"150\" height=\"150\" src=\"https:\/\/minf.gymgmunden.at\/wp-content\/uploads\/2017\/01\/xD72_0059-150x150.jpg\" class=\"attachment-thumbnail size-thumbnail\" alt=\"\" \/><\/a>\n\t\t\t<\/div><\/figure><figure class='gallery-item'>\n\t\t\t<div class='gallery-icon landscape'>\n\t\t\t\t<a href='https:\/\/minf.gymgmunden.at\/?attachment_id=476'><img loading=\"lazy\" decoding=\"async\" width=\"150\" height=\"150\" src=\"https:\/\/minf.gymgmunden.at\/wp-content\/uploads\/2017\/01\/xD72_0060-150x150.jpg\" class=\"attachment-thumbnail size-thumbnail\" alt=\"\" \/><\/a>\n\t\t\t<\/div><\/figure><figure class='gallery-item'>\n\t\t\t<div class='gallery-icon portrait'>\n\t\t\t\t<a href='https:\/\/minf.gymgmunden.at\/?attachment_id=477'><img loading=\"lazy\" decoding=\"async\" width=\"150\" height=\"150\" src=\"https:\/\/minf.gymgmunden.at\/wp-content\/uploads\/2017\/01\/xD72_0061-150x150.jpg\" class=\"attachment-thumbnail size-thumbnail\" alt=\"\" \/><\/a>\n\t\t\t<\/div><\/figure><figure class='gallery-item'>\n\t\t\t<div class='gallery-icon landscape'>\n\t\t\t\t<a href='https:\/\/minf.gymgmunden.at\/?attachment_id=478'><img loading=\"lazy\" decoding=\"async\" width=\"150\" height=\"150\" src=\"https:\/\/minf.gymgmunden.at\/wp-content\/uploads\/2017\/01\/xD72_0065-150x150.jpg\" class=\"attachment-thumbnail size-thumbnail\" alt=\"\" \/><\/a>\n\t\t\t<\/div><\/figure>\n\t\t<\/div>\n\n","protected":false},"excerpt":{"rendered":"<p>Passend zur Nachweihnachtszeit &#8222;Alle Jahre wieder&#8230;&#8220; nimmt sich freundlicherweise der Gmundner Fotograph Karl-Heinz Kochem Zeit f\u00fcr die Sch\u00fclerInnen des WPG MInf6, um ihnen in einem dreiteiligen Workshop die Grundlagen der [&hellip;]<\/p>\n","protected":false},"author":1,"featured_media":0,"comment_status":"closed","ping_status":"closed","sticky":false,"template":"","format":"standard","meta":{"footnotes":""},"categories":[1],"tags":[],"class_list":["post-465","post","type-post","status-publish","format-standard","hentry","category-allgemein"],"_links":{"self":[{"href":"https:\/\/minf.gymgmunden.at\/index.php?rest_route=\/wp\/v2\/posts\/465","targetHints":{"allow":["GET"]}}],"collection":[{"href":"https:\/\/minf.gymgmunden.at\/index.php?rest_route=\/wp\/v2\/posts"}],"about":[{"href":"https:\/\/minf.gymgmunden.at\/index.php?rest_route=\/wp\/v2\/types\/post"}],"author":[{"embeddable":true,"href":"https:\/\/minf.gymgmunden.at\/index.php?rest_route=\/wp\/v2\/users\/1"}],"replies":[{"embeddable":true,"href":"https:\/\/minf.gymgmunden.at\/index.php?rest_route=%2Fwp%2Fv2%2Fcomments&post=465"}],"version-history":[{"count":2,"href":"https:\/\/minf.gymgmunden.at\/index.php?rest_route=\/wp\/v2\/posts\/465\/revisions"}],"predecessor-version":[{"id":479,"href":"https:\/\/minf.gymgmunden.at\/index.php?rest_route=\/wp\/v2\/posts\/465\/revisions\/479"}],"wp:attachment":[{"href":"https:\/\/minf.gymgmunden.at\/index.php?rest_route=%2Fwp%2Fv2%2Fmedia&parent=465"}],"wp:term":[{"taxonomy":"category","embeddable":true,"href":"https:\/\/minf.gymgmunden.at\/index.php?rest_route=%2Fwp%2Fv2%2Fcategories&post=465"},{"taxonomy":"post_tag","embeddable":true,"href":"https:\/\/minf.gymgmunden.at\/index.php?rest_route=%2Fwp%2Fv2%2Ftags&post=465"}],"curies":[{"name":"wp","href":"https:\/\/api.w.org\/{rel}","templated":true}]}}