{"id":269,"date":"2016-01-18T19:00:11","date_gmt":"2016-01-18T19:00:11","guid":{"rendered":"https:\/\/minf.gymgmunden.at\/?p=269"},"modified":"2016-01-18T19:00:25","modified_gmt":"2016-01-18T19:00:25","slug":"unser-folder-ist-endlich-fertig","status":"publish","type":"post","link":"https:\/\/minf.gymgmunden.at\/?p=269","title":{"rendered":"Unser Folder ist endlich fertig!"},"content":{"rendered":"<p>Nach langer Arbeit ist unser neuer Schulfolder endlich in Druck.<br \/>\nDa jeder von uns einen designt hatte, lag es nun an den Lehrerinnen und Lehrern, sich f\u00fcr einen der f\u00fcnf Entw\u00fcrfe zu entscheiden. Julia N\u00f6hammer&#8217;s Folder entsprach dabei den Erwartungen am besten<a href=\"https:\/\/twitter.com\/therealmoneyboy\">,<\/a> weshalb wir nun stolz verk\u00fcnden d\u00fcrfen, dass am Tag der offenen T\u00fcr (22.1.2016) der gedruckte Folder ver\u00f6ffentlich wird. Wir freuen uns alle schon sehr auf das Ergebnis!<\/p>\n<p>Der Folder von Julia N\u00f6hammer ist gleich zu Beginn der Galerie.<br \/>\nDie Inhalte dieses Folders variieren zu den anderen, da sich diese kurz vor dem Druck noch umfangreich ge\u00e4ndert haben. Die restlichen 4 Folderentw\u00fcrfe m\u00fcssen auch wirklich als Entw\u00fcrfe gesehen werden.<\/p>\n<div id='gallery-1' class='gallery galleryid-269 gallery-columns-3 gallery-size-thumbnail'><figure class='gallery-item'>\n\t\t\t<div class='gallery-icon landscape'>\n\t\t\t\t<a href='https:\/\/minf.gymgmunden.at\/?attachment_id=274'><img loading=\"lazy\" decoding=\"async\" width=\"150\" height=\"150\" src=\"https:\/\/minf.gymgmunden.at\/wp-content\/uploads\/2016\/01\/Folder1_Aussen-150x150.jpg\" class=\"attachment-thumbnail size-thumbnail\" alt=\"Folder 1\" aria-describedby=\"gallery-1-274\" \/><\/a>\n\t\t\t<\/div>\n\t\t\t\t<figcaption class='wp-caption-text gallery-caption' id='gallery-1-274'>\n\t\t\t\tFolder 1 Au\u00dfensicht\n\t\t\t\t<\/figcaption><\/figure><figure class='gallery-item'>\n\t\t\t<div class='gallery-icon landscape'>\n\t\t\t\t<a href='https:\/\/minf.gymgmunden.at\/?attachment_id=275'><img loading=\"lazy\" decoding=\"async\" width=\"150\" height=\"150\" src=\"https:\/\/minf.gymgmunden.at\/wp-content\/uploads\/2016\/01\/Folder1_Innen-150x150.jpg\" class=\"attachment-thumbnail size-thumbnail\" alt=\"Folder 1 Innenensicht\" aria-describedby=\"gallery-1-275\" \/><\/a>\n\t\t\t<\/div>\n\t\t\t\t<figcaption class='wp-caption-text gallery-caption' id='gallery-1-275'>\n\t\t\t\tFolder 1 Innensichsicht\n\t\t\t\t<\/figcaption><\/figure><figure class='gallery-item'>\n\t\t\t<div class='gallery-icon landscape'>\n\t\t\t\t<a href='https:\/\/minf.gymgmunden.at\/?attachment_id=276'><img loading=\"lazy\" decoding=\"async\" width=\"150\" height=\"150\" src=\"https:\/\/minf.gymgmunden.at\/wp-content\/uploads\/2016\/01\/Folder2_Aussen-150x150.jpg\" class=\"attachment-thumbnail size-thumbnail\" alt=\"Folder 2 Au\u00dfensicht\" aria-describedby=\"gallery-1-276\" \/><\/a>\n\t\t\t<\/div>\n\t\t\t\t<figcaption class='wp-caption-text gallery-caption' id='gallery-1-276'>\n\t\t\t\tFolder 2 Au\u00dfensicht\n\t\t\t\t<\/figcaption><\/figure><figure class='gallery-item'>\n\t\t\t<div class='gallery-icon landscape'>\n\t\t\t\t<a href='https:\/\/minf.gymgmunden.at\/?attachment_id=277'><img loading=\"lazy\" decoding=\"async\" width=\"150\" height=\"150\" src=\"https:\/\/minf.gymgmunden.at\/wp-content\/uploads\/2016\/01\/Folder2_Innen-150x150.jpg\" class=\"attachment-thumbnail size-thumbnail\" alt=\"Folder 2 Innensicht\" aria-describedby=\"gallery-1-277\" \/><\/a>\n\t\t\t<\/div>\n\t\t\t\t<figcaption class='wp-caption-text gallery-caption' id='gallery-1-277'>\n\t\t\t\tFolder 2 Innensicht\n\t\t\t\t<\/figcaption><\/figure><figure class='gallery-item'>\n\t\t\t<div class='gallery-icon landscape'>\n\t\t\t\t<a href='https:\/\/minf.gymgmunden.at\/?attachment_id=278'><img loading=\"lazy\" decoding=\"async\" width=\"150\" height=\"150\" src=\"https:\/\/minf.gymgmunden.at\/wp-content\/uploads\/2016\/01\/Folder3_Aussen-150x150.jpg\" class=\"attachment-thumbnail size-thumbnail\" alt=\"Folder 3 Au\u00dfensicht\" aria-describedby=\"gallery-1-278\" \/><\/a>\n\t\t\t<\/div>\n\t\t\t\t<figcaption class='wp-caption-text gallery-caption' id='gallery-1-278'>\n\t\t\t\tFolder 3 Au\u00dfensicht\n\t\t\t\t<\/figcaption><\/figure><figure class='gallery-item'>\n\t\t\t<div class='gallery-icon landscape'>\n\t\t\t\t<a href='https:\/\/minf.gymgmunden.at\/?attachment_id=279'><img loading=\"lazy\" decoding=\"async\" width=\"150\" height=\"150\" src=\"https:\/\/minf.gymgmunden.at\/wp-content\/uploads\/2016\/01\/Folder3_Innen-150x150.jpg\" class=\"attachment-thumbnail size-thumbnail\" alt=\"Folder 3 Innensicht\" aria-describedby=\"gallery-1-279\" \/><\/a>\n\t\t\t<\/div>\n\t\t\t\t<figcaption class='wp-caption-text gallery-caption' id='gallery-1-279'>\n\t\t\t\tFolder 3 Innensicht\n\t\t\t\t<\/figcaption><\/figure><figure class='gallery-item'>\n\t\t\t<div class='gallery-icon landscape'>\n\t\t\t\t<a href='https:\/\/minf.gymgmunden.at\/?attachment_id=280'><img loading=\"lazy\" decoding=\"async\" width=\"150\" height=\"150\" src=\"https:\/\/minf.gymgmunden.at\/wp-content\/uploads\/2016\/01\/Folder4_Aussen-150x150.jpg\" class=\"attachment-thumbnail size-thumbnail\" alt=\"Folder 4 Au\u00dfensicht\" aria-describedby=\"gallery-1-280\" \/><\/a>\n\t\t\t<\/div>\n\t\t\t\t<figcaption class='wp-caption-text gallery-caption' id='gallery-1-280'>\n\t\t\t\tFolder 4 Au\u00dfensicht\n\t\t\t\t<\/figcaption><\/figure><figure class='gallery-item'>\n\t\t\t<div class='gallery-icon landscape'>\n\t\t\t\t<a href='https:\/\/minf.gymgmunden.at\/?attachment_id=281'><img loading=\"lazy\" decoding=\"async\" width=\"150\" height=\"150\" src=\"https:\/\/minf.gymgmunden.at\/wp-content\/uploads\/2016\/01\/Folder4_Innen-150x150.jpg\" class=\"attachment-thumbnail size-thumbnail\" alt=\"Folder 4 Innensicht\" aria-describedby=\"gallery-1-281\" \/><\/a>\n\t\t\t<\/div>\n\t\t\t\t<figcaption class='wp-caption-text gallery-caption' id='gallery-1-281'>\n\t\t\t\tFolder 4 Innensicht\n\t\t\t\t<\/figcaption><\/figure><figure class='gallery-item'>\n\t\t\t<div class='gallery-icon landscape'>\n\t\t\t\t<a href='https:\/\/minf.gymgmunden.at\/?attachment_id=282'><img loading=\"lazy\" decoding=\"async\" width=\"150\" height=\"150\" src=\"https:\/\/minf.gymgmunden.at\/wp-content\/uploads\/2016\/01\/Folder5_Aussen-150x150.jpg\" class=\"attachment-thumbnail size-thumbnail\" alt=\"Folder 5 Au\u00dfensicht\" aria-describedby=\"gallery-1-282\" \/><\/a>\n\t\t\t<\/div>\n\t\t\t\t<figcaption class='wp-caption-text gallery-caption' id='gallery-1-282'>\n\t\t\t\tFolder 5 Au\u00dfensicht\n\t\t\t\t<\/figcaption><\/figure><figure class='gallery-item'>\n\t\t\t<div class='gallery-icon landscape'>\n\t\t\t\t<a href='https:\/\/minf.gymgmunden.at\/?attachment_id=283'><img loading=\"lazy\" decoding=\"async\" width=\"150\" height=\"150\" src=\"https:\/\/minf.gymgmunden.at\/wp-content\/uploads\/2016\/01\/Folder5_Innen-150x150.jpg\" class=\"attachment-thumbnail size-thumbnail\" alt=\"Folder 5 Innensicht\" aria-describedby=\"gallery-1-283\" \/><\/a>\n\t\t\t<\/div>\n\t\t\t\t<figcaption class='wp-caption-text gallery-caption' id='gallery-1-283'>\n\t\t\t\tFolder 5 Innensicht\n\t\t\t\t<\/figcaption><\/figure>\n\t\t<\/div>\n\n","protected":false},"excerpt":{"rendered":"<p>Nach langer Arbeit ist unser neuer Schulfolder endlich in Druck. Da jeder von uns einen designt hatte, lag es nun an den Lehrerinnen und Lehrern, sich f\u00fcr einen der f\u00fcnf [&hellip;]<\/p>\n","protected":false},"author":4,"featured_media":0,"comment_status":"closed","ping_status":"closed","sticky":false,"template":"","format":"standard","meta":{"footnotes":""},"categories":[1],"tags":[],"class_list":["post-269","post","type-post","status-publish","format-standard","hentry","category-allgemein"],"_links":{"self":[{"href":"https:\/\/minf.gymgmunden.at\/index.php?rest_route=\/wp\/v2\/posts\/269","targetHints":{"allow":["GET"]}}],"collection":[{"href":"https:\/\/minf.gymgmunden.at\/index.php?rest_route=\/wp\/v2\/posts"}],"about":[{"href":"https:\/\/minf.gymgmunden.at\/index.php?rest_route=\/wp\/v2\/types\/post"}],"author":[{"embeddable":true,"href":"https:\/\/minf.gymgmunden.at\/index.php?rest_route=\/wp\/v2\/users\/4"}],"replies":[{"embeddable":true,"href":"https:\/\/minf.gymgmunden.at\/index.php?rest_route=%2Fwp%2Fv2%2Fcomments&post=269"}],"version-history":[{"count":8,"href":"https:\/\/minf.gymgmunden.at\/index.php?rest_route=\/wp\/v2\/posts\/269\/revisions"}],"predecessor-version":[{"id":288,"href":"https:\/\/minf.gymgmunden.at\/index.php?rest_route=\/wp\/v2\/posts\/269\/revisions\/288"}],"wp:attachment":[{"href":"https:\/\/minf.gymgmunden.at\/index.php?rest_route=%2Fwp%2Fv2%2Fmedia&parent=269"}],"wp:term":[{"taxonomy":"category","embeddable":true,"href":"https:\/\/minf.gymgmunden.at\/index.php?rest_route=%2Fwp%2Fv2%2Fcategories&post=269"},{"taxonomy":"post_tag","embeddable":true,"href":"https:\/\/minf.gymgmunden.at\/index.php?rest_route=%2Fwp%2Fv2%2Ftags&post=269"}],"curies":[{"name":"wp","href":"https:\/\/api.w.org\/{rel}","templated":true}]}}