{"id":2208,"date":"2022-03-30T08:54:06","date_gmt":"2022-03-30T08:54:06","guid":{"rendered":"https:\/\/minf.gymgmunden.at\/?p=2208"},"modified":"2022-03-30T08:54:22","modified_gmt":"2022-03-30T08:54:22","slug":"maturazeitung-2021-22","status":"publish","type":"post","link":"https:\/\/minf.gymgmunden.at\/?p=2208","title":{"rendered":"Maturazeitung 2021\/22"},"content":{"rendered":"\n<figure class=\"wp-block-image size-large\"><a href=\"https:\/\/minf.gymgmunden.at\/wp-content\/uploads\/2022\/03\/Foto_Maturazeitungfertig_1.jpg\"><img loading=\"lazy\" decoding=\"async\" width=\"1024\" height=\"683\" src=\"https:\/\/minf.gymgmunden.at\/wp-content\/uploads\/2022\/03\/Foto_Maturazeitungfertig_1-1024x683.jpg\" alt=\"\" class=\"wp-image-2279\" srcset=\"https:\/\/minf.gymgmunden.at\/wp-content\/uploads\/2022\/03\/Foto_Maturazeitungfertig_1-1024x683.jpg 1024w, https:\/\/minf.gymgmunden.at\/wp-content\/uploads\/2022\/03\/Foto_Maturazeitungfertig_1-300x200.jpg 300w, https:\/\/minf.gymgmunden.at\/wp-content\/uploads\/2022\/03\/Foto_Maturazeitungfertig_1-768x512.jpg 768w, https:\/\/minf.gymgmunden.at\/wp-content\/uploads\/2022\/03\/Foto_Maturazeitungfertig_1-1536x1024.jpg 1536w, https:\/\/minf.gymgmunden.at\/wp-content\/uploads\/2022\/03\/Foto_Maturazeitungfertig_1-750x500.jpg 750w, https:\/\/minf.gymgmunden.at\/wp-content\/uploads\/2022\/03\/Foto_Maturazeitungfertig_1.jpg 1575w\" sizes=\"auto, (max-width: 1024px) 100vw, 1024px\" \/><\/a><\/figure>\n\n\n\n<p>Das Maturazeitungsprojekt stellt die 8.Klassen jedes Jahr wieder vor eine gro\u00dfe Herausforderung. Die Gr\u00f6\u00dfe und der Umfang des Projekts sind immens. Begonnen wurde im 2.Semester der 7.Klasse mit dem Lernen des DTP-Programms Scribus und der Erstellung eines Entwurfs. Das Einpflegen der Inhalte und das Achten darauf, dass die Einheitlichkeit gew\u00e4hrleistet wird pr\u00e4gten die Arbeiten in den Monaten danach.<\/p>\n\n\n\n<p>Endlich ist sie da und wir sind alle sehr stolz auf das fertige Produkt und haben eine enorme Freude! Die viele Arbeit, die vielen Arbeitsstunden haben sich gelohnt!<br>Viel Freude damit!<\/p>\n","protected":false},"excerpt":{"rendered":"<p>Das Maturazeitungsprojekt stellt die 8.Klassen jedes Jahr wieder vor eine gro\u00dfe Herausforderung. Die Gr\u00f6\u00dfe und der Umfang des Projekts sind immens. Begonnen wurde im 2.Semester der 7.Klasse mit dem Lernen [&hellip;]<\/p>\n","protected":false},"author":3,"featured_media":2279,"comment_status":"closed","ping_status":"closed","sticky":false,"template":"","format":"standard","meta":{"footnotes":""},"categories":[16],"tags":[],"class_list":["post-2208","post","type-post","status-publish","format-standard","has-post-thumbnail","hentry","category-desktop-publishing"],"_links":{"self":[{"href":"https:\/\/minf.gymgmunden.at\/index.php?rest_route=\/wp\/v2\/posts\/2208","targetHints":{"allow":["GET"]}}],"collection":[{"href":"https:\/\/minf.gymgmunden.at\/index.php?rest_route=\/wp\/v2\/posts"}],"about":[{"href":"https:\/\/minf.gymgmunden.at\/index.php?rest_route=\/wp\/v2\/types\/post"}],"author":[{"embeddable":true,"href":"https:\/\/minf.gymgmunden.at\/index.php?rest_route=\/wp\/v2\/users\/3"}],"replies":[{"embeddable":true,"href":"https:\/\/minf.gymgmunden.at\/index.php?rest_route=%2Fwp%2Fv2%2Fcomments&post=2208"}],"version-history":[{"count":3,"href":"https:\/\/minf.gymgmunden.at\/index.php?rest_route=\/wp\/v2\/posts\/2208\/revisions"}],"predecessor-version":[{"id":2280,"href":"https:\/\/minf.gymgmunden.at\/index.php?rest_route=\/wp\/v2\/posts\/2208\/revisions\/2280"}],"wp:featuredmedia":[{"embeddable":true,"href":"https:\/\/minf.gymgmunden.at\/index.php?rest_route=\/wp\/v2\/media\/2279"}],"wp:attachment":[{"href":"https:\/\/minf.gymgmunden.at\/index.php?rest_route=%2Fwp%2Fv2%2Fmedia&parent=2208"}],"wp:term":[{"taxonomy":"category","embeddable":true,"href":"https:\/\/minf.gymgmunden.at\/index.php?rest_route=%2Fwp%2Fv2%2Fcategories&post=2208"},{"taxonomy":"post_tag","embeddable":true,"href":"https:\/\/minf.gymgmunden.at\/index.php?rest_route=%2Fwp%2Fv2%2Ftags&post=2208"}],"curies":[{"name":"wp","href":"https:\/\/api.w.org\/{rel}","templated":true}]}}